{"id":9825,"date":"2023-05-24T16:14:22","date_gmt":"2023-05-24T14:14:22","guid":{"rendered":"https:\/\/iesalhama.educacion.navarra.es\/web1\/?p=9825"},"modified":"2023-05-24T16:35:19","modified_gmt":"2023-05-24T14:35:19","slug":"bird-houses-proyecto-interdisciplinar-tecnologiaplasticaed-fisicaerasmus","status":"publish","type":"post","link":"https:\/\/iesalhama.educacion.navarra.es\/web1\/bird-houses-proyecto-interdisciplinar-tecnologiaplasticaed-fisicaerasmus\/","title":{"rendered":"BIRD HOUSES: Proyecto Interdisciplinar Tecnolog\u00eda + Pl\u00e1stica + Ed.F\u00edsica + Erasmus"},"content":{"rendered":"<p>Este a\u00f1o como proyecto interdisciplinar, el <strong><em>alumnado de 3\u00ba de Diversificaci\u00f3n<\/em><\/strong> ha construido, en la asignatura Proyectos IV, unas <em>casetas para p\u00e1jaros (Bird Houses)<\/em>. Al finalizarlas, Cuatro casetas han sido donadas por sus creadores al proyecto Erasmus \u00ab<em><strong>Generaciones pedaleando por la inclusi\u00f3n y la acci\u00f3n clim\u00e1tica<\/strong>\u00ab<\/em>.&nbsp;Eva Coria, compa\u00f1era del departamento de EPV, ha puesto el nombre de cada uno de los institutos participantes de Polonia, Irlanda, Portugal y Estella.<\/p>\n\n\n<figure class=\"wp-block-gallery has-nested-images columns-default is-cropped\">\n<figure class=\"wp-block-image size-large\"><img loading=\"lazy\" width=\"1024\" height=\"1024\" data-id=\"9828\"  src=\"https:\/\/iesalhama.educacion.navarra.es\/web1\/wp-content\/uploads\/2023\/05\/1643640275222-s-1024x1024.jpg\" alt=\"\" class=\"wp-image-9828\" srcset=\"https:\/\/iesalhama.educacion.navarra.es\/web1\/wp-content\/uploads\/2023\/05\/1643640275222-s-1024x1024.jpg 1024w, https:\/\/iesalhama.educacion.navarra.es\/web1\/wp-content\/uploads\/2023\/05\/1643640275222-s-300x300.jpg 300w, https:\/\/iesalhama.educacion.navarra.es\/web1\/wp-content\/uploads\/2023\/05\/1643640275222-s-150x150.jpg 150w, https:\/\/iesalhama.educacion.navarra.es\/web1\/wp-content\/uploads\/2023\/05\/1643640275222-s-768x768.jpg 768w, https:\/\/iesalhama.educacion.navarra.es\/web1\/wp-content\/uploads\/2023\/05\/1643640275222-s.jpg 1496w\" sizes=\"(max-width: 1024px) 100vw, 1024px\" \/><\/figure>\n\n\n\n<figure class=\"wp-block-image size-large\"><img loading=\"lazy\" width=\"1024\" height=\"1024\" data-id=\"9827\"  src=\"https:\/\/iesalhama.educacion.navarra.es\/web1\/wp-content\/uploads\/2023\/05\/1643640275387-s-1024x1024.jpg\" alt=\"\" class=\"wp-image-9827\" srcset=\"https:\/\/iesalhama.educacion.navarra.es\/web1\/wp-content\/uploads\/2023\/05\/1643640275387-s-1024x1024.jpg 1024w, https:\/\/iesalhama.educacion.navarra.es\/web1\/wp-content\/uploads\/2023\/05\/1643640275387-s-300x300.jpg 300w, https:\/\/iesalhama.educacion.navarra.es\/web1\/wp-content\/uploads\/2023\/05\/1643640275387-s-150x150.jpg 150w, https:\/\/iesalhama.educacion.navarra.es\/web1\/wp-content\/uploads\/2023\/05\/1643640275387-s-768x768.jpg 768w, https:\/\/iesalhama.educacion.navarra.es\/web1\/wp-content\/uploads\/2023\/05\/1643640275387-s.jpg 1496w\" sizes=\"(max-width: 1024px) 100vw, 1024px\" \/><\/figure>\n<\/figure>\n\n\n\n<figure class=\"wp-block-image size-large\"><img loading=\"lazy\" width=\"1024\" height=\"457\" src=\"https:\/\/iesalhama.educacion.navarra.es\/web1\/wp-content\/uploads\/2023\/05\/IMG_20230518_124140-s-1024x457.jpg\" alt=\"\" class=\"wp-image-9829\" srcset=\"https:\/\/iesalhama.educacion.navarra.es\/web1\/wp-content\/uploads\/2023\/05\/IMG_20230518_124140-s-1024x457.jpg 1024w, https:\/\/iesalhama.educacion.navarra.es\/web1\/wp-content\/uploads\/2023\/05\/IMG_20230518_124140-s-300x134.jpg 300w, https:\/\/iesalhama.educacion.navarra.es\/web1\/wp-content\/uploads\/2023\/05\/IMG_20230518_124140-s-768x343.jpg 768w, https:\/\/iesalhama.educacion.navarra.es\/web1\/wp-content\/uploads\/2023\/05\/IMG_20230518_124140-s-1536x686.jpg 1536w, https:\/\/iesalhama.educacion.navarra.es\/web1\/wp-content\/uploads\/2023\/05\/IMG_20230518_124140-s-2048x914.jpg 2048w\" sizes=\"(max-width: 1024px) 100vw, 1024px\" \/><figcaption>dav<\/figcaption><\/figure>\n\n\n<p>Adem\u00e1s, desde el departamento de Tecnolog\u00eda, se ha a\u00f1adido, como donaci\u00f3n, un hotel de insectos, para otro socio, <strong><em>Cyclist.ie<\/em> <\/strong>(la plataforma com\u00fan de las 33 asociaciones pro-bici de Irlanda)<\/p>\n<p>El alumnado de 3\u00ba de Diversificaci\u00f3n quiso escribir lo que sintieron al hacer estas casetas y donarlas para el proyecto Erasmus:<\/p>\n<p style=\"text-align: center\"><em>\u00abHicimos este proyecto para dar un hogar a los pajaritos. La caseta est\u00e1 construida para so\u00f1ar y volar en Paz\u00bb<\/em><\/p>\n<p style=\"text-align: center\"><strong><em>&#8211; Yanire e Itziar &#8211;<\/em><\/strong><\/p>\n<p style=\"text-align: center\"><em>\u00abConsideramos que la seguridad de los p\u00e1jaros es importante, donamos nuestra caseta para que tengan un refugio donde anidar\u00bb<\/em><\/p>\n<p style=\"text-align: center\"><strong><em>&#8211; Alexey y Eric &#8211;<\/em><\/strong><\/p>\n<p style=\"text-align: center\"><em>\u00abQuisimos colaborar con el proyecto Erasmus con este proyecto para dar un hogar a los p\u00e1jaros\u00bb<\/em><\/p>\n<p style=\"text-align: center\"><strong><em>&#8211; July y Martina &#8211;<\/em><\/strong><\/p>\n<p style=\"text-align: center\"><em>\u00abLa idea de que los p\u00e1jaros puedan tener un hogar nos inspir\u00f3 a donar nuestra caseta al proyecto Erasmus\u00bb<\/em><\/p>\n<p style=\"text-align: center\"><strong><em>&#8211; Maicol y El\u00edas &#8211;<\/em><\/strong><\/p>\n\n\n<figure class=\"wp-block-image size-full\"><img loading=\"lazy\" width=\"887\" height=\"530\" src=\"https:\/\/iesalhama.educacion.navarra.es\/web1\/wp-content\/uploads\/2023\/05\/1684315503296-s2.jpg\" alt=\"\" class=\"wp-image-9832\" srcset=\"https:\/\/iesalhama.educacion.navarra.es\/web1\/wp-content\/uploads\/2023\/05\/1684315503296-s2.jpg 887w, https:\/\/iesalhama.educacion.navarra.es\/web1\/wp-content\/uploads\/2023\/05\/1684315503296-s2-300x179.jpg 300w, https:\/\/iesalhama.educacion.navarra.es\/web1\/wp-content\/uploads\/2023\/05\/1684315503296-s2-768x459.jpg 768w\" sizes=\"(max-width: 887px) 100vw, 887px\" \/><\/figure>\n\n\n\n<figure class=\"wp-block-image size-large\"><img loading=\"lazy\" width=\"1024\" height=\"685\" src=\"https:\/\/iesalhama.educacion.navarra.es\/web1\/wp-content\/uploads\/2023\/05\/1684315503369-s2-1024x685.jpg\" alt=\"\" class=\"wp-image-9833\" srcset=\"https:\/\/iesalhama.educacion.navarra.es\/web1\/wp-content\/uploads\/2023\/05\/1684315503369-s2-1024x685.jpg 1024w, https:\/\/iesalhama.educacion.navarra.es\/web1\/wp-content\/uploads\/2023\/05\/1684315503369-s2-300x201.jpg 300w, https:\/\/iesalhama.educacion.navarra.es\/web1\/wp-content\/uploads\/2023\/05\/1684315503369-s2-768x514.jpg 768w, https:\/\/iesalhama.educacion.navarra.es\/web1\/wp-content\/uploads\/2023\/05\/1684315503369-s2-1536x1027.jpg 1536w, https:\/\/iesalhama.educacion.navarra.es\/web1\/wp-content\/uploads\/2023\/05\/1684315503369-s2.jpg 1622w\" sizes=\"(max-width: 1024px) 100vw, 1024px\" \/><\/figure>\n\n\n<p>Las casetas y el hotel de insectos van a ser <em><strong>colocados en \u00e1rboles de Villa Mar\u00eda,<\/strong><\/em> <em>la finca de la Estanca que estamos adecentando entre Biciclistas de Corella y el IES Alhama<\/em> para utilizarla como punto de encuentro, reuniones, talleres medioambientales, etc. del <em>Erasmus, \u00abEn bici sin edad\u00bb y actividades de nuestro instituto<\/em>.<\/p>\n\n\n<div class=\"wp-block-image\"><figure class=\"aligncenter size-large is-resized\"><img loading=\"lazy\" src=\"https:\/\/iesalhama.educacion.navarra.es\/web1\/wp-content\/uploads\/2023\/05\/Hotel-768x1024.jpg\" alt=\"\" class=\"wp-image-9839\" width=\"667\" height=\"889\" srcset=\"https:\/\/iesalhama.educacion.navarra.es\/web1\/wp-content\/uploads\/2023\/05\/Hotel-768x1024.jpg 768w, https:\/\/iesalhama.educacion.navarra.es\/web1\/wp-content\/uploads\/2023\/05\/Hotel-225x300.jpg 225w, https:\/\/iesalhama.educacion.navarra.es\/web1\/wp-content\/uploads\/2023\/05\/Hotel-1152x1536.jpg 1152w, https:\/\/iesalhama.educacion.navarra.es\/web1\/wp-content\/uploads\/2023\/05\/Hotel.jpg 1536w\" sizes=\"(max-width: 667px) 100vw, 667px\" \/><\/figure><\/div>\n\n\n<p style=\"text-align: center\"><strong>\u00a1Mil gracias por la colaboraci\u00f3n al alumnado de 3\u00ba de Diversificaci\u00f3n y los departamentos de Tecnolog\u00eda y EPV!<\/strong><\/p>\n<p>Fotos de la actividad a mejor calidad en la p\u00e1gina de fotos del mes de <a href=\"https:\/\/iesalhama.educacion.navarra.es\/web1\/fotos\/fotos-del-curso-2022-23\/\">Mayo<\/a><\/p>","protected":false},"excerpt":{"rendered":"<p>Este a\u00f1o como proyecto interdisciplinar, el alumnado de 3\u00ba de Diversificaci\u00f3n ha construido, en la asignatura Proyectos IV, unas casetas para p\u00e1jaros (Bird Houses). Al finalizarlas, Cuatro casetas han sido donadas por sus creadores al proyecto Erasmus \u00abGeneraciones pedaleando por la inclusi\u00f3n y la acci\u00f3n clim\u00e1tica\u00ab.&nbsp;Eva Coria, compa\u00f1era del departamento de EPV, ha puesto el [&hellip;]<\/p>\n","protected":false},"author":11,"featured_media":9834,"comment_status":"open","ping_status":"open","sticky":false,"template":"","format":"standard","meta":{"_genesis_hide_title":false,"_genesis_hide_breadcrumbs":false,"_genesis_hide_singular_image":false,"_genesis_hide_footer_widgets":false,"_genesis_custom_body_class":"","_genesis_custom_post_class":"","_genesis_layout":""},"categories":[89,1,72],"tags":[],"_links":{"self":[{"href":"https:\/\/iesalhama.educacion.navarra.es\/web1\/wp-json\/wp\/v2\/posts\/9825"}],"collection":[{"href":"https:\/\/iesalhama.educacion.navarra.es\/web1\/wp-json\/wp\/v2\/posts"}],"about":[{"href":"https:\/\/iesalhama.educacion.navarra.es\/web1\/wp-json\/wp\/v2\/types\/post"}],"author":[{"embeddable":true,"href":"https:\/\/iesalhama.educacion.navarra.es\/web1\/wp-json\/wp\/v2\/users\/11"}],"replies":[{"embeddable":true,"href":"https:\/\/iesalhama.educacion.navarra.es\/web1\/wp-json\/wp\/v2\/comments?post=9825"}],"version-history":[{"count":5,"href":"https:\/\/iesalhama.educacion.navarra.es\/web1\/wp-json\/wp\/v2\/posts\/9825\/revisions"}],"predecessor-version":[{"id":9844,"href":"https:\/\/iesalhama.educacion.navarra.es\/web1\/wp-json\/wp\/v2\/posts\/9825\/revisions\/9844"}],"wp:featuredmedia":[{"embeddable":true,"href":"https:\/\/iesalhama.educacion.navarra.es\/web1\/wp-json\/wp\/v2\/media\/9834"}],"wp:attachment":[{"href":"https:\/\/iesalhama.educacion.navarra.es\/web1\/wp-json\/wp\/v2\/media?parent=9825"}],"wp:term":[{"taxonomy":"category","embeddable":true,"href":"https:\/\/iesalhama.educacion.navarra.es\/web1\/wp-json\/wp\/v2\/categories?post=9825"},{"taxonomy":"post_tag","embeddable":true,"href":"https:\/\/iesalhama.educacion.navarra.es\/web1\/wp-json\/wp\/v2\/tags?post=9825"}],"curies":[{"name":"wp","href":"https:\/\/api.w.org\/{rel}","templated":true}]}}