{"id":9866,"date":"2023-05-25T12:20:59","date_gmt":"2023-05-25T10:20:59","guid":{"rendered":"https:\/\/iesalhama.educacion.navarra.es\/web1\/?p=9866"},"modified":"2023-05-25T12:21:00","modified_gmt":"2023-05-25T10:21:00","slug":"corella-una-visita-guiada","status":"publish","type":"post","link":"https:\/\/iesalhama.educacion.navarra.es\/web1\/corella-una-visita-guiada\/","title":{"rendered":"CORELLA: Una visita guiada"},"content":{"rendered":"<p>El mi\u00e9rcoles 24 de Mayo, el <strong><em>alumnado de UCE y de Grupo 0<\/em><\/strong> conocieron un poco m\u00e1s la localidad, gracias a la visita guiada ofrecida por <em><strong>Joaquin<\/strong>, un gu\u00eda excelente<\/em>. El grupo del IES Alhama compuesto de profesorado y alumnado ha podido ver el <em><strong>Museo Arrese<\/strong> y diferentes <strong>edificios hist\u00f3ricos<\/strong><\/em> de la localidad.<\/p>\n<p>Una excelente jornada en la que el alumnado pudo transportarse a otra \u00e9poca y conocer los or\u00edgenes de Corella.<\/p>\n\n\n<figure class=\"wp-block-gallery has-nested-images columns-default is-cropped\">\n<figure class=\"wp-block-image size-large\"><img loading=\"lazy\" width=\"768\" height=\"1024\" data-id=\"9873\"  src=\"https:\/\/iesalhama.educacion.navarra.es\/web1\/wp-content\/uploads\/2023\/05\/IMG_3112-s-768x1024.jpg\" alt=\"\" class=\"wp-image-9873\" srcset=\"https:\/\/iesalhama.educacion.navarra.es\/web1\/wp-content\/uploads\/2023\/05\/IMG_3112-s-768x1024.jpg 768w, https:\/\/iesalhama.educacion.navarra.es\/web1\/wp-content\/uploads\/2023\/05\/IMG_3112-s-225x300.jpg 225w, https:\/\/iesalhama.educacion.navarra.es\/web1\/wp-content\/uploads\/2023\/05\/IMG_3112-s.jpg 1059w\" sizes=\"(max-width: 768px) 100vw, 768px\" \/><\/figure>\n\n\n\n<figure class=\"wp-block-image size-large\"><img loading=\"lazy\" width=\"768\" height=\"1024\" data-id=\"9874\"  src=\"https:\/\/iesalhama.educacion.navarra.es\/web1\/wp-content\/uploads\/2023\/05\/IMG_3114-s-768x1024.jpg\" alt=\"\" class=\"wp-image-9874\" srcset=\"https:\/\/iesalhama.educacion.navarra.es\/web1\/wp-content\/uploads\/2023\/05\/IMG_3114-s-768x1024.jpg 768w, https:\/\/iesalhama.educacion.navarra.es\/web1\/wp-content\/uploads\/2023\/05\/IMG_3114-s-225x300.jpg 225w, https:\/\/iesalhama.educacion.navarra.es\/web1\/wp-content\/uploads\/2023\/05\/IMG_3114-s.jpg 1059w\" sizes=\"(max-width: 768px) 100vw, 768px\" \/><\/figure>\n\n\n\n<figure class=\"wp-block-image size-large\"><img loading=\"lazy\" width=\"768\" height=\"1024\" data-id=\"9875\"  src=\"https:\/\/iesalhama.educacion.navarra.es\/web1\/wp-content\/uploads\/2023\/05\/IMG_3115-s-768x1024.jpg\" alt=\"\" class=\"wp-image-9875\" srcset=\"https:\/\/iesalhama.educacion.navarra.es\/web1\/wp-content\/uploads\/2023\/05\/IMG_3115-s-768x1024.jpg 768w, https:\/\/iesalhama.educacion.navarra.es\/web1\/wp-content\/uploads\/2023\/05\/IMG_3115-s-225x300.jpg 225w, https:\/\/iesalhama.educacion.navarra.es\/web1\/wp-content\/uploads\/2023\/05\/IMG_3115-s.jpg 1059w\" sizes=\"(max-width: 768px) 100vw, 768px\" \/><\/figure>\n<\/figure>\n\n\n\n<figure class=\"wp-block-gallery has-nested-images columns-default is-cropped\">\n<figure class=\"wp-block-image size-large\"><img loading=\"lazy\" width=\"1024\" height=\"768\" data-id=\"9876\"  src=\"https:\/\/iesalhama.educacion.navarra.es\/web1\/wp-content\/uploads\/2023\/05\/IMG_3116-s-1024x768.jpg\" alt=\"\" class=\"wp-image-9876\" srcset=\"https:\/\/iesalhama.educacion.navarra.es\/web1\/wp-content\/uploads\/2023\/05\/IMG_3116-s-1024x768.jpg 1024w, https:\/\/iesalhama.educacion.navarra.es\/web1\/wp-content\/uploads\/2023\/05\/IMG_3116-s-300x225.jpg 300w, https:\/\/iesalhama.educacion.navarra.es\/web1\/wp-content\/uploads\/2023\/05\/IMG_3116-s-768x576.jpg 768w, https:\/\/iesalhama.educacion.navarra.es\/web1\/wp-content\/uploads\/2023\/05\/IMG_3116-s.jpg 1412w\" sizes=\"(max-width: 1024px) 100vw, 1024px\" \/><\/figure>\n\n\n\n<figure class=\"wp-block-image size-large\"><img loading=\"lazy\" width=\"1024\" height=\"768\" data-id=\"9877\"  src=\"https:\/\/iesalhama.educacion.navarra.es\/web1\/wp-content\/uploads\/2023\/05\/IMG_3119-s-1024x768.jpg\" alt=\"\" class=\"wp-image-9877\" srcset=\"https:\/\/iesalhama.educacion.navarra.es\/web1\/wp-content\/uploads\/2023\/05\/IMG_3119-s-1024x768.jpg 1024w, https:\/\/iesalhama.educacion.navarra.es\/web1\/wp-content\/uploads\/2023\/05\/IMG_3119-s-300x225.jpg 300w, https:\/\/iesalhama.educacion.navarra.es\/web1\/wp-content\/uploads\/2023\/05\/IMG_3119-s-768x576.jpg 768w, https:\/\/iesalhama.educacion.navarra.es\/web1\/wp-content\/uploads\/2023\/05\/IMG_3119-s.jpg 1412w\" sizes=\"(max-width: 1024px) 100vw, 1024px\" \/><\/figure>\n<\/figure>\n\n\n<p>Fotos de la actividad a mejor calidad en la p\u00e1gina de fotos del mes de <a href=\"https:\/\/iesalhama.educacion.navarra.es\/web1\/fotos\/fotos-del-curso-2022-23\/\">Mayo<\/a><\/p>","protected":false},"excerpt":{"rendered":"<p>El mi\u00e9rcoles 24 de Mayo, el alumnado de UCE y de Grupo 0 conocieron un poco m\u00e1s la localidad, gracias a la visita guiada ofrecida por Joaquin, un gu\u00eda excelente. El grupo del IES Alhama compuesto de profesorado y alumnado ha podido ver el Museo Arrese y diferentes edificios hist\u00f3ricos de la localidad. Una excelente [&hellip;]<\/p>\n","protected":false},"author":11,"featured_media":9878,"comment_status":"open","ping_status":"open","sticky":false,"template":"","format":"standard","meta":{"_genesis_hide_title":false,"_genesis_hide_breadcrumbs":false,"_genesis_hide_singular_image":false,"_genesis_hide_footer_widgets":false,"_genesis_custom_body_class":"","_genesis_custom_post_class":"","_genesis_layout":""},"categories":[89,1,72],"tags":[],"_links":{"self":[{"href":"https:\/\/iesalhama.educacion.navarra.es\/web1\/wp-json\/wp\/v2\/posts\/9866"}],"collection":[{"href":"https:\/\/iesalhama.educacion.navarra.es\/web1\/wp-json\/wp\/v2\/posts"}],"about":[{"href":"https:\/\/iesalhama.educacion.navarra.es\/web1\/wp-json\/wp\/v2\/types\/post"}],"author":[{"embeddable":true,"href":"https:\/\/iesalhama.educacion.navarra.es\/web1\/wp-json\/wp\/v2\/users\/11"}],"replies":[{"embeddable":true,"href":"https:\/\/iesalhama.educacion.navarra.es\/web1\/wp-json\/wp\/v2\/comments?post=9866"}],"version-history":[{"count":2,"href":"https:\/\/iesalhama.educacion.navarra.es\/web1\/wp-json\/wp\/v2\/posts\/9866\/revisions"}],"predecessor-version":[{"id":9879,"href":"https:\/\/iesalhama.educacion.navarra.es\/web1\/wp-json\/wp\/v2\/posts\/9866\/revisions\/9879"}],"wp:featuredmedia":[{"embeddable":true,"href":"https:\/\/iesalhama.educacion.navarra.es\/web1\/wp-json\/wp\/v2\/media\/9878"}],"wp:attachment":[{"href":"https:\/\/iesalhama.educacion.navarra.es\/web1\/wp-json\/wp\/v2\/media?parent=9866"}],"wp:term":[{"taxonomy":"category","embeddable":true,"href":"https:\/\/iesalhama.educacion.navarra.es\/web1\/wp-json\/wp\/v2\/categories?post=9866"},{"taxonomy":"post_tag","embeddable":true,"href":"https:\/\/iesalhama.educacion.navarra.es\/web1\/wp-json\/wp\/v2\/tags?post=9866"}],"curies":[{"name":"wp","href":"https:\/\/api.w.org\/{rel}","templated":true}]}}